{"id":14752,"date":"2018-06-29T12:48:43","date_gmt":"2018-06-29T12:48:43","guid":{"rendered":"https:\/\/www.power2max.com\/?p=14752"},"modified":"2018-06-29T12:48:43","modified_gmt":"2018-06-29T12:48:43","slug":"das-team-hinter-dem-team-uae-team-emirates-und-die-tour-de-france","status":"publish","type":"post","link":"https:\/\/www.power2max.com\/de\/2018\/06\/das-team-hinter-dem-team-uae-team-emirates-und-die-tour-de-france\/","title":{"rendered":"Das Team hinter dem Team &#8211; UAE Team Emirates und die Tour de France"},"content":{"rendered":"<p><strong>Die Tour de France startet in einer Woche und wir hatten im Vorfeld die M\u00f6glichkeit das Hauptquartier des UAE Team Emirates zu besuchen. Nur ein paar Minuten n\u00f6rdlich von Mailand haben wir das Team hinter dem Team getroffen und uns mit Mechanikern und den Mitarbeitern unterhalten. Andrea Appiani, Mitglied des PR-Teams hat uns im Interview einen Einblick gegeben, was es braucht, um ein World Tour Team zu managen.<\/strong><\/p>\n<figure id=\"attachment_14755\" aria-describedby=\"caption-attachment-14755\" style=\"width: 1000px\" class=\"wp-caption alignleft\"><img loading=\"lazy\" decoding=\"async\" class=\"size-full wp-image-14755\" src=\"https:\/\/www.power2max.com\/wp-content\/uploads\/2018\/06\/uae-bike.jpg\" alt=\"Vor der Tour de France werden alle R\u00e4der gecheckt.\" width=\"1000\" height=\"666\" srcset=\"https:\/\/www.power2max.com\/wp-content\/uploads\/2018\/06\/uae-bike.jpg 1000w, https:\/\/www.power2max.com\/wp-content\/uploads\/2018\/06\/uae-bike-300x200.jpg 300w, https:\/\/www.power2max.com\/wp-content\/uploads\/2018\/06\/uae-bike-768x511.jpg 768w, https:\/\/www.power2max.com\/wp-content\/uploads\/2018\/06\/uae-bike-825x550.jpg 825w\" sizes=\"auto, (max-width: 1000px) 100vw, 1000px\" \/><figcaption id=\"caption-attachment-14755\" class=\"wp-caption-text\">Jedes Teamrad wird vor dem Verladen nochmals auf Herz und Nieren gepr\u00fcft.<\/figcaption><\/figure>\n<p>&nbsp;<\/p>\n<h4>p2m: Ciao Andrea, danke f\u00fcr die Einladung! Sag uns doch bitte kurz, wo genau wir hier sind und wer hier alles arbeitet.<\/h4>\n<p>Herzlich willkommen im Hauptquartier des UAE Team Emirates. Hier erledigen wir alle Verwaltungsaufgaben, hier ist unser zentrales Lager und unsere Werkstatt. Wir bereiten hier alle R\u00e4der, die Teambusse, Autos und LKWs auf die n\u00e4chsten Rennen vor. Heute ist au\u00dferdem ein ganz besonderer Tag, da wir heute die LKWs f\u00fcr die italienische Meisterschaft und die Tour de France packen. Insgesamt sind heute \u00fcber 20 Personen hier besch\u00e4ftigt, damit bei den Rennen alles glatt l\u00e4uft.<\/p>\n<h4><strong>p2m: Wie viele Personen sind denn insgesamt n\u00f6tig, um ein World Tour Team am Laufen zu halten?<\/strong><\/h4>\n<p>Wir haben derzeit 26 Fahrer im Team, aber das Team hinter dem Team besteht aus beinahe doppelt so vielen Mitarbeitern. Wir haben zum Beispiel sechs Mechaniker, vier \u00c4rzte, zwei Trainer, einen Gesch\u00e4ftsf\u00fchrer, einen Team Manager, zwei Fahrer, die unsere Busse und LKWs lenken, Masseure, Sekret\u00e4rinnen, Verwaltungsangestellte, Sportliche Leiter und drei Leute, die sich ausschlie\u00dflich um die Teamlogistik k\u00fcmmern. Hinzu kommen noch f\u00fcnf Personen in der PR-Abteilung und dar\u00fcber hinaus auch externe Unterst\u00fctzung bei den gro\u00dfen Events. Insgesamt sind es ungef\u00e4hr 50 Angestellte plus nat\u00fcrlich die Fahrer.<\/p>\n<h4>p2m: Was mach die Tour de France eigentlich so besonders?<\/h4>\n<p>Es gibt eigentlich zwei oder drei Faktoren, die Rennen besonders machen. Erstens: Die Aufmerksamkeit, die ein Rennen bekommt. Da ist die Tour als das bekannteste Radrennen der Welt nat\u00fcrlich absolute Spitze und es gibt mehr Medieninteresse als bei irgendeinem anderen Rennen. Zweitens: Die Fahrer, die an einem Rennen teilnehmen, sorgen nat\u00fcrlich auch f\u00fcr ein gewisses Interesse. Wenn man einen Favoriten f\u00fcr die Gesamtwertung im Team hat, dann gibt es nat\u00fcrlich mehr Interviewanfragen und man muss viel mehr Dinge beachten. Drittens: Gewisse Rennen sind wichtiger f\u00fcr das Team und die Sponsoren. Da die Tour allerdings das prestigetr\u00e4chtigste Rennen des Jahres ist, ist das Interesse hier immer besonders hoch. Alles in allem sind alle Faktoren extrem bedeutend bei der Tour, weswegen es manchmal sehr chaotisch werden kann. Allerdings ist das immer positiver Stress. F\u00fcr alle im Team ist die Tour das Highlight der Saison!<\/p>\n<h4>p2m: Wie lang braucht eigentlich die Vorbereitung auf die Tour de France?<\/h4>\n<p>Einen wirklichen Startpunkt gibt es da nicht, eigentlich beginnt die Vorbereitung auf die Tour schon mit dem Ende der vorherigen Saison. Es ist ein konstanter Fluss an Informationen und Aufgaben, die erledigt werden m\u00fcssen. Ein paar Wochen vor dem Rennen wird es nat\u00fcrlich mehr und es h\u00f6rt auch nicht auf, bis die Tour wieder vorbei ist. Aber selbst bei uns in der PR-Abteilung beginnt die Tourvorbereitung schon am 1. Januar. Wir organisieren spezielle Fototermine mit Hinblick auf die Tour, sammeln Informationen und denken dar\u00fcber nach, wie wir unsere Fans und Unterst\u00fctzer am Rennen teilhaben lassen k\u00f6nnen.<\/p>\n<figure id=\"attachment_14738\" aria-describedby=\"caption-attachment-14738\" style=\"width: 1024px\" class=\"wp-caption alignleft\"><img loading=\"lazy\" decoding=\"async\" class=\"size-large wp-image-14738\" src=\"https:\/\/www.power2max.com\/wp-content\/uploads\/2018\/06\/limmagine-line-up-TDF-2018-1024x513.jpg\" alt=\"\" width=\"1024\" height=\"513\" srcset=\"https:\/\/www.power2max.com\/wp-content\/uploads\/2018\/06\/limmagine-line-up-TDF-2018-1024x513.jpg 1024w, https:\/\/www.power2max.com\/wp-content\/uploads\/2018\/06\/limmagine-line-up-TDF-2018-768x385.jpg 768w\" sizes=\"auto, (max-width: 1024px) 100vw, 1024px\" \/><figcaption id=\"caption-attachment-14738\" class=\"wp-caption-text\">Das Line-Up des UAE Team Emirates zur Tour de France 2018<\/figcaption><\/figure>\n<p>&nbsp;<\/p>\n<p>Wenn auch du professionell trainieren m\u00f6chtest, dann starte dein Training jetzt mit unserem <a href=\"https:\/\/www.power2max.com\/de\/product\/ngeco-road-campagnolo-mit-kurbelsatz\/\">NGeco Campagnolo Powermeter.<\/a><\/p>\n","protected":false},"excerpt":{"rendered":"<p>Die Tour de France startet in einer Woche und wir hatten im Vorfeld die M\u00f6glichkeit das Hauptquartier des UAE Team [&hellip;]<\/p>\n","protected":false},"author":6,"featured_media":14725,"comment_status":"open","ping_status":"open","sticky":false,"template":"","format":"standard","meta":{"footnotes":""},"categories":[512,164,513],"tags":[547,550,549,548],"class_list":["post-14752","post","type-post","status-publish","format-standard","has-post-thumbnail","hentry","category-athleten-teams-de","category-neuigkeiten","category-powermeter-blog","tag-powermeter","tag-tour-de-france","tag-uae-team-emirates","tag-world-tour"],"acf":[],"_links":{"self":[{"href":"https:\/\/www.power2max.com\/de\/wp-json\/wp\/v2\/posts\/14752","targetHints":{"allow":["GET"]}}],"collection":[{"href":"https:\/\/www.power2max.com\/de\/wp-json\/wp\/v2\/posts"}],"about":[{"href":"https:\/\/www.power2max.com\/de\/wp-json\/wp\/v2\/types\/post"}],"author":[{"embeddable":true,"href":"https:\/\/www.power2max.com\/de\/wp-json\/wp\/v2\/users\/6"}],"replies":[{"embeddable":true,"href":"https:\/\/www.power2max.com\/de\/wp-json\/wp\/v2\/comments?post=14752"}],"version-history":[{"count":3,"href":"https:\/\/www.power2max.com\/de\/wp-json\/wp\/v2\/posts\/14752\/revisions"}],"predecessor-version":[{"id":14760,"href":"https:\/\/www.power2max.com\/de\/wp-json\/wp\/v2\/posts\/14752\/revisions\/14760"}],"wp:featuredmedia":[{"embeddable":true,"href":"https:\/\/www.power2max.com\/de\/wp-json\/wp\/v2\/media\/14725"}],"wp:attachment":[{"href":"https:\/\/www.power2max.com\/de\/wp-json\/wp\/v2\/media?parent=14752"}],"wp:term":[{"taxonomy":"category","embeddable":true,"href":"https:\/\/www.power2max.com\/de\/wp-json\/wp\/v2\/categories?post=14752"},{"taxonomy":"post_tag","embeddable":true,"href":"https:\/\/www.power2max.com\/de\/wp-json\/wp\/v2\/tags?post=14752"}],"curies":[{"name":"wp","href":"https:\/\/api.w.org\/{rel}","templated":true}]}}